{"id":70,"date":"2023-10-04T08:37:03","date_gmt":"2023-10-04T05:37:03","guid":{"rendered":"https:\/\/adamandeveworld.org\/fr\/?p=70"},"modified":"2026-04-10T21:35:36","modified_gmt":"2026-04-10T18:35:36","slug":"transhumanisme","status":"publish","type":"post","link":"https:\/\/adamandeveworld.org\/fr\/transhumanisme\/","title":{"rendered":"Transhumanisme"},"content":{"rendered":"\n<p>Le transhumanisme s&rsquo;inspire de l&rsquo;id\u00e9e d&rsquo;utiliser la technologie pour am\u00e9liorer la condition humaine, en particulier la sant\u00e9 humaine et les handicaps, et pour d\u00e9velopper les capacit\u00e9s humaines. Ce mouvement vise \u00e0 soigner les maladies et \u00e0 surmonter les limitations physiques ou mentales cong\u00e9nitales ou acquises du corps humain. Cependant, cette tendance philosophique et technologique pr\u00e9sente divers dangers et probl\u00e8mes \u00e9thiques. L&rsquo;un des dangers les plus frappants du transhumanisme est peut-\u00eatre qu&rsquo;il a le potentiel de menacer la nature humaine et les valeurs existentielles de nous, les enfants d&rsquo;Adam et Veille. La nature humaine offre de nombreuses possibilit\u00e9s technologiques qui peuvent transformer notre compr\u00e9hension fondamentale de ce que nous sommes et de ce que nous pouvons devenir.<\/p>\n\n\n\n<p>Le d\u00e9veloppement continu de la science et de la technologie a la capacit\u00e9 de r\u00e9soudre de nombreux probl\u00e8mes auxquels nous sommes confront\u00e9s. Toutefois, ces progr\u00e8s peuvent \u00e9galement entra\u00eener de nouveaux risques et probl\u00e8mes. Les innovations, notamment dans des domaines tels que la biotechnologie et le g\u00e9nie g\u00e9n\u00e9tique, peuvent se transformer en situations susceptibles de mettre en danger nos valeurs existentielles. Le g\u00e9nie g\u00e9n\u00e9tique et les technologies transhumanistes peuvent conduire \u00e0 des r\u00e9sultats inattendus s\u2019ils sont appliqu\u00e9s sans r\u00e9flexion et sans une pleine compr\u00e9hension de leurs cons\u00e9quences. Alors que l\u2019humanit\u00e9 vit comme un \u00e9l\u00e9ment du monde naturel, les approches transhumanistes peuvent nous \u00e9loigner des valeurs existentielles. \u00c0 mesure que nous nous dirigeons vers la singularit\u00e9 technologique, l\u2019estompage des fronti\u00e8res entre humains et machines pourrait changer radicalement la structure sociale et les relations entre les individus. Il ne s\u2019agit pas seulement d\u2019un probl\u00e8me technologique, mais aussi d\u2019un probl\u00e8me social et \u00e9thique. Le principal risque du transhumanisme est qu\u2019il menace les valeurs fondamentales des individus.<\/p>\n\n\n\n<p>De plus, l&rsquo;acc\u00e8s aux technologies transhumanistes peut \u00eatre initialement r\u00e9serv\u00e9 aux riches et aux puissants, conduisant \u00e0 une in\u00e9galit\u00e9 croissante dans la soci\u00e9t\u00e9 et au concept d&rsquo;\u00ab \u00e9litisme biologique \u00bb. Qui ma\u00eetrisera les technologies transhumanistes est une question \u00e9thique importante ; Lorsqu\u2019elle est mal utilis\u00e9e, elle peut potentiellement nuire \u00e0 la libert\u00e9 des individus et \u00e0 la soci\u00e9t\u00e9. Bien que le transhumanisme pr\u00f4ne l&rsquo;id\u00e9e d&rsquo;\u00e9largir et de pr\u00e9server la conscience, cela peut entrer en conflit avec les croyances philosophiques et religieuses sur la personnalit\u00e9, l&rsquo;\u00e2me et le soi. Par cons\u00e9quent, m\u00eame en consid\u00e9rant les avantages potentiels du transhumanisme, il est essentiel d\u2019aborder ces questions \u00e9thiques et sociales. Afin de garantir que les progr\u00e8s technologiques servent l\u2019int\u00e9r\u00eat g\u00e9n\u00e9ral de la soci\u00e9t\u00e9, il est essentiel d\u2019aborder ces questions sous leurs dimensions \u00e9thiques, sociales et politiques.<\/p>\n\n\n\n<p>La prise de conscience croissante des dangers potentiels du transhumanisme n\u00e9cessite une s\u00e9rie de mesures strat\u00e9giques pour prot\u00e9ger les valeurs \u00e9thiques et sociales.<\/p>\n\n\n\n<p>Science et technologie : Nous devons \u00eatre s\u00e9lectifs dans la mise de la science et de la technologie au service de l\u2019humanit\u00e9. Il est essentiel que chaque avanc\u00e9e technologique soit \u00e9valu\u00e9e en tenant compte de ses impacts \u00e9thiques, sociaux et culturels.<\/p>\n\n\n\n<p>Les d\u00e9veloppements technologiques devraient viser \u00e0 am\u00e9liorer la nature et les capacit\u00e9s des humains sans menacer leurs valeurs fondamentales.<\/p>\n\n\n\n<p>En sensibilisant le public aux effets possibles du transhumanisme, nous devons faciliter le contr\u00f4le et la gestion de ces effets.<\/p>\n\n\n\n<p>L\u2019effort de protection contre les dangers du transhumanisme et de pr\u00e9servation des valeurs cr\u00e9atrices de l\u2019humanit\u00e9 n\u00e9cessite une approche large et multidisciplinaire. Cela implique une prise en compte int\u00e9gr\u00e9e de la science et de la technologie, de l\u2019\u00e9valuation \u00e9thique, de la sensibilisation du public et des syst\u00e8mes \u00e9ducatifs.<\/p>\n\n\n\n<p>Les leaders d\u2019opinion, les scientifiques et les politiciens devraient cr\u00e9er un plan strat\u00e9gique pour faire face aux effets et aux dangers du transhumanisme.<\/p>\n\n\n\n<p>Une campagne mondiale de sensibilisation et d\u2019\u00e9ducation sur les implications \u00e9thiques et sociales du transhumanisme devrait \u00eatre mise en \u0153uvre.<\/p>\n\n\n\n<p>Les jeunes doivent \u00eatre sensibilis\u00e9s \u00e0 l\u2019utilisation \u00e9thique et responsable de la technologie.<\/p>\n\n\n\n<p>La recherche scientifique sur les effets potentiels du transhumanisme doit \u00eatre encourag\u00e9e et soutenue.<\/p>\n\n\n\n<p>Le transhumanisme est un probl\u00e8me grave qui menace les valeurs de cr\u00e9ation de l\u2019humanit\u00e9, consid\u00e9r\u00e9e comme les enfants d\u2019Adam et \u00c8ve. Cependant, nous avons le potentiel de nous prot\u00e9ger contre ces menaces en int\u00e9grant des approches scientifiques et technologiques, d\u2019\u00e9valuation \u00e9thique, de sensibilisation sociale et d\u2019\u00e9ducation. Si cette approche holistique porte la responsabilit\u00e9 de pr\u00e9server les valeurs de notre cr\u00e9ation, elle a \u00e9galement le potentiel de tirer le meilleur parti des opportunit\u00e9s offertes par le progr\u00e8s technologique.<\/p>\n","protected":false},"excerpt":{"rendered":"<p>Le transhumanisme s&rsquo;inspire de l&rsquo;id\u00e9e d&rsquo;utiliser la technologie pour am\u00e9liorer la condition humaine, en particulier la sant\u00e9 humaine et les handicaps, et pour d\u00e9velopper les capacit\u00e9s humaines. Ce mouvement vise \u00e0 soigner les maladies et \u00e0 surmonter les limitations physiques ou mentales cong\u00e9nitales ou acquises du corps humain. Cependant, cette tendance philosophique et technologique pr\u00e9sente[&#8230;]<\/p>\n","protected":false},"author":1,"featured_media":90,"comment_status":"closed","ping_status":"open","sticky":false,"template":"","format":"standard","meta":{"footnotes":""},"categories":[3,1],"tags":[],"yoast_head":"<!-- This site is optimized with the Yoast SEO plugin v21.3 - https:\/\/yoast.com\/wordpress\/plugins\/seo\/ -->\n<title>Transhumanisme - Le monde d&#039;Adam et \u00c8ve<\/title>\n<meta name=\"robots\" content=\"index, follow, max-snippet:-1, max-image-preview:large, max-video-preview:-1\" \/>\n<link rel=\"canonical\" href=\"https:\/\/adamandeveworld.org\/fr\/transhumanisme\/\" \/>\n<meta property=\"og:locale\" content=\"fr_FR\" \/>\n<meta property=\"og:type\" content=\"article\" \/>\n<meta property=\"og:title\" content=\"Transhumanisme - Le monde d&#039;Adam et \u00c8ve\" \/>\n<meta property=\"og:description\" content=\"Le transhumanisme s&rsquo;inspire de l&rsquo;id\u00e9e d&rsquo;utiliser la technologie pour am\u00e9liorer la condition humaine, en particulier la sant\u00e9 humaine et les handicaps, et pour d\u00e9velopper les capacit\u00e9s humaines. Ce mouvement vise \u00e0 soigner les maladies et \u00e0 surmonter les limitations physiques ou mentales cong\u00e9nitales ou acquises du corps humain. Cependant, cette tendance philosophique et technologique pr\u00e9sente[...]\" \/>\n<meta property=\"og:url\" content=\"https:\/\/adamandeveworld.org\/fr\/transhumanisme\/\" \/>\n<meta property=\"og:site_name\" content=\"Le monde d&#039;Adam et \u00c8ve\" \/>\n<meta property=\"article:published_time\" content=\"2023-10-04T05:37:03+00:00\" \/>\n<meta property=\"article:modified_time\" content=\"2026-04-10T18:35:36+00:00\" \/>\n<meta property=\"og:image\" content=\"https:\/\/adamandeveworld.org\/fr\/wp-content\/uploads\/sites\/4\/2023\/10\/transhumanism-min-1024x540-1.jpg\" \/>\n\t<meta property=\"og:image:width\" content=\"1024\" \/>\n\t<meta property=\"og:image:height\" content=\"540\" \/>\n\t<meta property=\"og:image:type\" content=\"image\/jpeg\" \/>\n<meta name=\"author\" content=\"root\" \/>\n<meta name=\"twitter:card\" content=\"summary_large_image\" \/>\n<meta name=\"twitter:label1\" content=\"\u00c9crit par\" \/>\n\t<meta name=\"twitter:data1\" content=\"root\" \/>\n\t<meta name=\"twitter:label2\" content=\"Dur\u00e9e de lecture estim\u00e9e\" \/>\n\t<meta name=\"twitter:data2\" content=\"4 minutes\" \/>\n<script type=\"application\/ld+json\" class=\"yoast-schema-graph\">{\"@context\":\"https:\/\/schema.org\",\"@graph\":[{\"@type\":\"Article\",\"@id\":\"https:\/\/adamandeveworld.org\/fr\/transhumanisme\/#article\",\"isPartOf\":{\"@id\":\"https:\/\/adamandeveworld.org\/fr\/transhumanisme\/\"},\"author\":{\"name\":\"root\",\"@id\":\"https:\/\/adamandeveworld.org\/fr\/#\/schema\/person\/760733ee57d104a12f5ec56d06814eec\"},\"headline\":\"Transhumanisme\",\"datePublished\":\"2023-10-04T05:37:03+00:00\",\"dateModified\":\"2026-04-10T18:35:36+00:00\",\"mainEntityOfPage\":{\"@id\":\"https:\/\/adamandeveworld.org\/fr\/transhumanisme\/\"},\"wordCount\":812,\"publisher\":{\"@id\":\"https:\/\/adamandeveworld.org\/fr\/#organization\"},\"articleSection\":[\"Articles\",\"Genel\"],\"inLanguage\":\"fr-FR\"},{\"@type\":\"WebPage\",\"@id\":\"https:\/\/adamandeveworld.org\/fr\/transhumanisme\/\",\"url\":\"https:\/\/adamandeveworld.org\/fr\/transhumanisme\/\",\"name\":\"Transhumanisme - Le monde d&#039;Adam et \u00c8ve\",\"isPartOf\":{\"@id\":\"https:\/\/adamandeveworld.org\/fr\/#website\"},\"datePublished\":\"2023-10-04T05:37:03+00:00\",\"dateModified\":\"2026-04-10T18:35:36+00:00\",\"breadcrumb\":{\"@id\":\"https:\/\/adamandeveworld.org\/fr\/transhumanisme\/#breadcrumb\"},\"inLanguage\":\"fr-FR\",\"potentialAction\":[{\"@type\":\"ReadAction\",\"target\":[\"https:\/\/adamandeveworld.org\/fr\/transhumanisme\/\"]}]},{\"@type\":\"BreadcrumbList\",\"@id\":\"https:\/\/adamandeveworld.org\/fr\/transhumanisme\/#breadcrumb\",\"itemListElement\":[{\"@type\":\"ListItem\",\"position\":1,\"name\":\"Anasayfa\",\"item\":\"https:\/\/adamandeveworld.org\/fr\/\"},{\"@type\":\"ListItem\",\"position\":2,\"name\":\"Transhumanisme\"}]},{\"@type\":\"WebSite\",\"@id\":\"https:\/\/adamandeveworld.org\/fr\/#website\",\"url\":\"https:\/\/adamandeveworld.org\/fr\/\",\"name\":\"Le monde d&#039;Adam et \u00c8ve\",\"description\":\"\",\"publisher\":{\"@id\":\"https:\/\/adamandeveworld.org\/fr\/#organization\"},\"potentialAction\":[{\"@type\":\"SearchAction\",\"target\":{\"@type\":\"EntryPoint\",\"urlTemplate\":\"https:\/\/adamandeveworld.org\/fr\/?s={search_term_string}\"},\"query-input\":\"required name=search_term_string\"}],\"inLanguage\":\"fr-FR\"},{\"@type\":\"Organization\",\"@id\":\"https:\/\/adamandeveworld.org\/fr\/#organization\",\"name\":\"Le monde d&#039;Adam et \u00c8ve\",\"url\":\"https:\/\/adamandeveworld.org\/fr\/\",\"logo\":{\"@type\":\"ImageObject\",\"inLanguage\":\"fr-FR\",\"@id\":\"https:\/\/adamandeveworld.org\/fr\/#\/schema\/logo\/image\/\",\"url\":\"https:\/\/adamandeveworld.org\/fr\/wp-content\/uploads\/sites\/4\/2026\/03\/cropped-new_logo_optimized.png\",\"contentUrl\":\"https:\/\/adamandeveworld.org\/fr\/wp-content\/uploads\/sites\/4\/2026\/03\/cropped-new_logo_optimized.png\",\"width\":618,\"height\":730,\"caption\":\"Le monde d&#039;Adam et \u00c8ve \"},\"image\":{\"@id\":\"https:\/\/adamandeveworld.org\/fr\/#\/schema\/logo\/image\/\"}},{\"@type\":\"Person\",\"@id\":\"https:\/\/adamandeveworld.org\/fr\/#\/schema\/person\/760733ee57d104a12f5ec56d06814eec\",\"name\":\"root\",\"image\":{\"@type\":\"ImageObject\",\"inLanguage\":\"fr-FR\",\"@id\":\"https:\/\/adamandeveworld.org\/fr\/#\/schema\/person\/image\/\",\"url\":\"https:\/\/secure.gravatar.com\/avatar\/7746c12901600fbb2ed096064e5345a1?s=96&d=mm&r=g\",\"contentUrl\":\"https:\/\/secure.gravatar.com\/avatar\/7746c12901600fbb2ed096064e5345a1?s=96&d=mm&r=g\",\"caption\":\"root\"},\"sameAs\":[\"https:\/\/adamandeveworld.org\"],\"url\":\"https:\/\/adamandeveworld.org\/fr\/author\/root\/\"}]}<\/script>\n<!-- \/ Yoast SEO plugin. -->","yoast_head_json":{"title":"Transhumanisme - Le monde d&#039;Adam et \u00c8ve","robots":{"index":"index","follow":"follow","max-snippet":"max-snippet:-1","max-image-preview":"max-image-preview:large","max-video-preview":"max-video-preview:-1"},"canonical":"https:\/\/adamandeveworld.org\/fr\/transhumanisme\/","og_locale":"fr_FR","og_type":"article","og_title":"Transhumanisme - Le monde d&#039;Adam et \u00c8ve","og_description":"Le transhumanisme s&rsquo;inspire de l&rsquo;id\u00e9e d&rsquo;utiliser la technologie pour am\u00e9liorer la condition humaine, en particulier la sant\u00e9 humaine et les handicaps, et pour d\u00e9velopper les capacit\u00e9s humaines. Ce mouvement vise \u00e0 soigner les maladies et \u00e0 surmonter les limitations physiques ou mentales cong\u00e9nitales ou acquises du corps humain. Cependant, cette tendance philosophique et technologique pr\u00e9sente[...]","og_url":"https:\/\/adamandeveworld.org\/fr\/transhumanisme\/","og_site_name":"Le monde d&#039;Adam et \u00c8ve","article_published_time":"2023-10-04T05:37:03+00:00","article_modified_time":"2026-04-10T18:35:36+00:00","og_image":[{"width":1024,"height":540,"url":"https:\/\/adamandeveworld.org\/fr\/wp-content\/uploads\/sites\/4\/2023\/10\/transhumanism-min-1024x540-1.jpg","type":"image\/jpeg"}],"author":"root","twitter_card":"summary_large_image","twitter_misc":{"\u00c9crit par":"root","Dur\u00e9e de lecture estim\u00e9e":"4 minutes"},"schema":{"@context":"https:\/\/schema.org","@graph":[{"@type":"Article","@id":"https:\/\/adamandeveworld.org\/fr\/transhumanisme\/#article","isPartOf":{"@id":"https:\/\/adamandeveworld.org\/fr\/transhumanisme\/"},"author":{"name":"root","@id":"https:\/\/adamandeveworld.org\/fr\/#\/schema\/person\/760733ee57d104a12f5ec56d06814eec"},"headline":"Transhumanisme","datePublished":"2023-10-04T05:37:03+00:00","dateModified":"2026-04-10T18:35:36+00:00","mainEntityOfPage":{"@id":"https:\/\/adamandeveworld.org\/fr\/transhumanisme\/"},"wordCount":812,"publisher":{"@id":"https:\/\/adamandeveworld.org\/fr\/#organization"},"articleSection":["Articles","Genel"],"inLanguage":"fr-FR"},{"@type":"WebPage","@id":"https:\/\/adamandeveworld.org\/fr\/transhumanisme\/","url":"https:\/\/adamandeveworld.org\/fr\/transhumanisme\/","name":"Transhumanisme - Le monde d&#039;Adam et \u00c8ve","isPartOf":{"@id":"https:\/\/adamandeveworld.org\/fr\/#website"},"datePublished":"2023-10-04T05:37:03+00:00","dateModified":"2026-04-10T18:35:36+00:00","breadcrumb":{"@id":"https:\/\/adamandeveworld.org\/fr\/transhumanisme\/#breadcrumb"},"inLanguage":"fr-FR","potentialAction":[{"@type":"ReadAction","target":["https:\/\/adamandeveworld.org\/fr\/transhumanisme\/"]}]},{"@type":"BreadcrumbList","@id":"https:\/\/adamandeveworld.org\/fr\/transhumanisme\/#breadcrumb","itemListElement":[{"@type":"ListItem","position":1,"name":"Anasayfa","item":"https:\/\/adamandeveworld.org\/fr\/"},{"@type":"ListItem","position":2,"name":"Transhumanisme"}]},{"@type":"WebSite","@id":"https:\/\/adamandeveworld.org\/fr\/#website","url":"https:\/\/adamandeveworld.org\/fr\/","name":"Le monde d&#039;Adam et \u00c8ve","description":"","publisher":{"@id":"https:\/\/adamandeveworld.org\/fr\/#organization"},"potentialAction":[{"@type":"SearchAction","target":{"@type":"EntryPoint","urlTemplate":"https:\/\/adamandeveworld.org\/fr\/?s={search_term_string}"},"query-input":"required name=search_term_string"}],"inLanguage":"fr-FR"},{"@type":"Organization","@id":"https:\/\/adamandeveworld.org\/fr\/#organization","name":"Le monde d&#039;Adam et \u00c8ve","url":"https:\/\/adamandeveworld.org\/fr\/","logo":{"@type":"ImageObject","inLanguage":"fr-FR","@id":"https:\/\/adamandeveworld.org\/fr\/#\/schema\/logo\/image\/","url":"https:\/\/adamandeveworld.org\/fr\/wp-content\/uploads\/sites\/4\/2026\/03\/cropped-new_logo_optimized.png","contentUrl":"https:\/\/adamandeveworld.org\/fr\/wp-content\/uploads\/sites\/4\/2026\/03\/cropped-new_logo_optimized.png","width":618,"height":730,"caption":"Le monde d&#039;Adam et \u00c8ve "},"image":{"@id":"https:\/\/adamandeveworld.org\/fr\/#\/schema\/logo\/image\/"}},{"@type":"Person","@id":"https:\/\/adamandeveworld.org\/fr\/#\/schema\/person\/760733ee57d104a12f5ec56d06814eec","name":"root","image":{"@type":"ImageObject","inLanguage":"fr-FR","@id":"https:\/\/adamandeveworld.org\/fr\/#\/schema\/person\/image\/","url":"https:\/\/secure.gravatar.com\/avatar\/7746c12901600fbb2ed096064e5345a1?s=96&d=mm&r=g","contentUrl":"https:\/\/secure.gravatar.com\/avatar\/7746c12901600fbb2ed096064e5345a1?s=96&d=mm&r=g","caption":"root"},"sameAs":["https:\/\/adamandeveworld.org"],"url":"https:\/\/adamandeveworld.org\/fr\/author\/root\/"}]}},"_links":{"self":[{"href":"https:\/\/adamandeveworld.org\/fr\/wp-json\/wp\/v2\/posts\/70"}],"collection":[{"href":"https:\/\/adamandeveworld.org\/fr\/wp-json\/wp\/v2\/posts"}],"about":[{"href":"https:\/\/adamandeveworld.org\/fr\/wp-json\/wp\/v2\/types\/post"}],"author":[{"embeddable":true,"href":"https:\/\/adamandeveworld.org\/fr\/wp-json\/wp\/v2\/users\/1"}],"replies":[{"embeddable":true,"href":"https:\/\/adamandeveworld.org\/fr\/wp-json\/wp\/v2\/comments?post=70"}],"version-history":[{"count":1,"href":"https:\/\/adamandeveworld.org\/fr\/wp-json\/wp\/v2\/posts\/70\/revisions"}],"predecessor-version":[{"id":71,"href":"https:\/\/adamandeveworld.org\/fr\/wp-json\/wp\/v2\/posts\/70\/revisions\/71"}],"wp:featuredmedia":[{"embeddable":true,"href":"https:\/\/adamandeveworld.org\/fr\/wp-json\/wp\/v2\/media\/90"}],"wp:attachment":[{"href":"https:\/\/adamandeveworld.org\/fr\/wp-json\/wp\/v2\/media?parent=70"}],"wp:term":[{"taxonomy":"category","embeddable":true,"href":"https:\/\/adamandeveworld.org\/fr\/wp-json\/wp\/v2\/categories?post=70"},{"taxonomy":"post_tag","embeddable":true,"href":"https:\/\/adamandeveworld.org\/fr\/wp-json\/wp\/v2\/tags?post=70"}],"curies":[{"name":"wp","href":"https:\/\/api.w.org\/{rel}","templated":true}]}}